{"id":375,"date":"2025-10-15T10:35:12","date_gmt":"2025-10-15T08:35:12","guid":{"rendered":"https:\/\/barometrestartups.fr\/?p=375"},"modified":"2025-10-15T10:35:33","modified_gmt":"2025-10-15T08:35:33","slug":"rentree-2025-un-premier-coup-de-frein-pour-lemploi-dans-la-french-tech-depuis-deux-ans","status":"publish","type":"post","link":"https:\/\/barometrestartups.fr\/?p=375","title":{"rendered":"Rentr\u00e9e 2025\u00a0: un premier coup de frein pour l\u2019emploi dans la French Tech depuis deux ans"},"content":{"rendered":"\n<p>Le mois de septembre 2025 marque un tournant pour l\u2019emploi dans les startups fran\u00e7aises, avec le premier v\u00e9ritable d\u00e9crochage observ\u00e9 depuis deux ans.<\/p>\n\n\n\n<figure class=\"wp-block-image size-large\"><img loading=\"lazy\" decoding=\"async\" width=\"1024\" height=\"570\" src=\"https:\/\/barometrestartups.fr\/wp-content\/uploads\/2025\/10\/image-1024x570.png\" alt=\"\" class=\"wp-image-377\" srcset=\"https:\/\/barometrestartups.fr\/wp-content\/uploads\/2025\/10\/image-1024x570.png 1024w, https:\/\/barometrestartups.fr\/wp-content\/uploads\/2025\/10\/image-300x167.png 300w, https:\/\/barometrestartups.fr\/wp-content\/uploads\/2025\/10\/image-768x428.png 768w, https:\/\/barometrestartups.fr\/wp-content\/uploads\/2025\/10\/image-1536x856.png 1536w, https:\/\/barometrestartups.fr\/wp-content\/uploads\/2025\/10\/image.png 1770w\" sizes=\"auto, (max-width: 1024px) 100vw, 1024px\" \/><\/figure>\n\n\n\n<figure class=\"wp-block-image size-large\"><img loading=\"lazy\" decoding=\"async\" width=\"1024\" height=\"572\" src=\"https:\/\/barometrestartups.fr\/wp-content\/uploads\/2025\/10\/image-1-1024x572.png\" alt=\"\" class=\"wp-image-378\" srcset=\"https:\/\/barometrestartups.fr\/wp-content\/uploads\/2025\/10\/image-1-1024x572.png 1024w, https:\/\/barometrestartups.fr\/wp-content\/uploads\/2025\/10\/image-1-300x168.png 300w, https:\/\/barometrestartups.fr\/wp-content\/uploads\/2025\/10\/image-1-768x429.png 768w, https:\/\/barometrestartups.fr\/wp-content\/uploads\/2025\/10\/image-1-1536x858.png 1536w, https:\/\/barometrestartups.fr\/wp-content\/uploads\/2025\/10\/image-1.png 1757w\" sizes=\"auto, (max-width: 1024px) 100vw, 1024px\" \/><\/figure>\n\n\n\n<p>Tous les territoires, ainsi que la quasi-totalit\u00e9 des secteurs et des technologies \u2014 y compris l\u2019intelligence artificielle \u2014 sont concern\u00e9s.<\/p>\n\n\n\n<figure class=\"wp-block-image size-large\"><img loading=\"lazy\" decoding=\"async\" width=\"1024\" height=\"577\" src=\"https:\/\/barometrestartups.fr\/wp-content\/uploads\/2025\/10\/image-2-1024x577.png\" alt=\"\" class=\"wp-image-379\" srcset=\"https:\/\/barometrestartups.fr\/wp-content\/uploads\/2025\/10\/image-2-1024x577.png 1024w, https:\/\/barometrestartups.fr\/wp-content\/uploads\/2025\/10\/image-2-300x169.png 300w, https:\/\/barometrestartups.fr\/wp-content\/uploads\/2025\/10\/image-2-768x433.png 768w, https:\/\/barometrestartups.fr\/wp-content\/uploads\/2025\/10\/image-2-1536x865.png 1536w, https:\/\/barometrestartups.fr\/wp-content\/uploads\/2025\/10\/image-2.png 1761w\" sizes=\"auto, (max-width: 1024px) 100vw, 1024px\" \/><\/figure>\n\n\n\n<figure class=\"wp-block-image size-large\"><img loading=\"lazy\" decoding=\"async\" width=\"1024\" height=\"576\" src=\"https:\/\/barometrestartups.fr\/wp-content\/uploads\/2025\/10\/image-3-1024x576.png\" alt=\"\" class=\"wp-image-380\" srcset=\"https:\/\/barometrestartups.fr\/wp-content\/uploads\/2025\/10\/image-3-1024x576.png 1024w, https:\/\/barometrestartups.fr\/wp-content\/uploads\/2025\/10\/image-3-300x169.png 300w, https:\/\/barometrestartups.fr\/wp-content\/uploads\/2025\/10\/image-3-768x432.png 768w, https:\/\/barometrestartups.fr\/wp-content\/uploads\/2025\/10\/image-3-1536x865.png 1536w, https:\/\/barometrestartups.fr\/wp-content\/uploads\/2025\/10\/image-3.png 1764w\" sizes=\"auto, (max-width: 1024px) 100vw, 1024px\" \/><\/figure>\n\n\n\n<figure class=\"wp-block-image size-large\"><img loading=\"lazy\" decoding=\"async\" width=\"1024\" height=\"576\" src=\"https:\/\/barometrestartups.fr\/wp-content\/uploads\/2025\/10\/image-4-1024x576.png\" alt=\"\" class=\"wp-image-381\" srcset=\"https:\/\/barometrestartups.fr\/wp-content\/uploads\/2025\/10\/image-4-1024x576.png 1024w, https:\/\/barometrestartups.fr\/wp-content\/uploads\/2025\/10\/image-4-300x169.png 300w, https:\/\/barometrestartups.fr\/wp-content\/uploads\/2025\/10\/image-4-768x432.png 768w, https:\/\/barometrestartups.fr\/wp-content\/uploads\/2025\/10\/image-4-1536x864.png 1536w, https:\/\/barometrestartups.fr\/wp-content\/uploads\/2025\/10\/image-4.png 1753w\" sizes=\"auto, (max-width: 1024px) 100vw, 1024px\" \/><\/figure>\n\n\n\n<p>Les suppressions de postes ont fortement augment\u00e9, avec une hausse de 50 % du nombre de startups proc\u00e9dant \u00e0 des licenciements entre ao\u00fbt et septembre. Parall\u00e8lement, la dynamique d\u2019embauche se d\u00e9grade r\u00e9guli\u00e8rement depuis le d\u00e9but de l\u2019ann\u00e9e, \u00e0 l\u2019exception d\u2019un l\u00e9ger rebond en avril.<\/p>\n\n\n\n<figure class=\"wp-block-image size-large\"><img loading=\"lazy\" decoding=\"async\" width=\"1024\" height=\"572\" src=\"https:\/\/barometrestartups.fr\/wp-content\/uploads\/2025\/10\/image-5-1024x572.png\" alt=\"\" class=\"wp-image-382\" srcset=\"https:\/\/barometrestartups.fr\/wp-content\/uploads\/2025\/10\/image-5-1024x572.png 1024w, https:\/\/barometrestartups.fr\/wp-content\/uploads\/2025\/10\/image-5-300x168.png 300w, https:\/\/barometrestartups.fr\/wp-content\/uploads\/2025\/10\/image-5-768x429.png 768w, https:\/\/barometrestartups.fr\/wp-content\/uploads\/2025\/10\/image-5-1536x858.png 1536w, https:\/\/barometrestartups.fr\/wp-content\/uploads\/2025\/10\/image-5.png 1757w\" sizes=\"auto, (max-width: 1024px) 100vw, 1024px\" \/><\/figure>\n\n\n\n<figure class=\"wp-block-image size-large\"><img loading=\"lazy\" decoding=\"async\" width=\"1024\" height=\"574\" src=\"https:\/\/barometrestartups.fr\/wp-content\/uploads\/2025\/10\/image-6-1024x574.png\" alt=\"\" class=\"wp-image-383\" srcset=\"https:\/\/barometrestartups.fr\/wp-content\/uploads\/2025\/10\/image-6-1024x574.png 1024w, https:\/\/barometrestartups.fr\/wp-content\/uploads\/2025\/10\/image-6-300x168.png 300w, https:\/\/barometrestartups.fr\/wp-content\/uploads\/2025\/10\/image-6-768x430.png 768w, https:\/\/barometrestartups.fr\/wp-content\/uploads\/2025\/10\/image-6-1536x861.png 1536w, https:\/\/barometrestartups.fr\/wp-content\/uploads\/2025\/10\/image-6.png 1759w\" sizes=\"auto, (max-width: 1024px) 100vw, 1024px\" \/><\/figure>\n\n\n\n<p>Pour conclure, notons que ces neuf premiers mois de 2025 restent toutefois l\u00e9g\u00e8rement au-dessus du niveau de 2024 \u00e0 la m\u00eame p\u00e9riode (+4,8 % contre +4,6 %).<\/p>\n\n\n\n<p>Mais cette tendance interroge : s\u2019agit-il d\u2019une simple correction conjoncturelle ou d\u2019un signal plus profond d\u2019essoufflement ? &nbsp;R\u00e9ponse d\u00e9but novembre pour observer si cette dynamique se confirme sur le mois d\u2019octobre.<\/p>\n","protected":false},"excerpt":{"rendered":"<p>Le mois de septembre 2025 marque un tournant pour l\u2019emploi dans les startups fran\u00e7aises, avec le premier v\u00e9ritable d\u00e9crochage observ\u00e9 depuis deux ans. Tous les territoires, ainsi que la quasi-totalit\u00e9 des secteurs et des technologies \u2014 y compris l\u2019intelligence artificielle \u2014 sont concern\u00e9s. Les suppressions de postes ont fortement augment\u00e9, avec une hausse de 50 [&hellip;]<\/p>\n","protected":false},"author":4,"featured_media":377,"comment_status":"open","ping_status":"open","sticky":true,"template":"","format":"standard","meta":{"footnotes":""},"categories":[4],"tags":[],"class_list":["post-375","post","type-post","status-publish","format-standard","has-post-thumbnail","hentry","category-barometre-mensuel"],"_links":{"self":[{"href":"https:\/\/barometrestartups.fr\/index.php?rest_route=\/wp\/v2\/posts\/375","targetHints":{"allow":["GET"]}}],"collection":[{"href":"https:\/\/barometrestartups.fr\/index.php?rest_route=\/wp\/v2\/posts"}],"about":[{"href":"https:\/\/barometrestartups.fr\/index.php?rest_route=\/wp\/v2\/types\/post"}],"author":[{"embeddable":true,"href":"https:\/\/barometrestartups.fr\/index.php?rest_route=\/wp\/v2\/users\/4"}],"replies":[{"embeddable":true,"href":"https:\/\/barometrestartups.fr\/index.php?rest_route=%2Fwp%2Fv2%2Fcomments&post=375"}],"version-history":[{"count":1,"href":"https:\/\/barometrestartups.fr\/index.php?rest_route=\/wp\/v2\/posts\/375\/revisions"}],"predecessor-version":[{"id":384,"href":"https:\/\/barometrestartups.fr\/index.php?rest_route=\/wp\/v2\/posts\/375\/revisions\/384"}],"wp:featuredmedia":[{"embeddable":true,"href":"https:\/\/barometrestartups.fr\/index.php?rest_route=\/wp\/v2\/media\/377"}],"wp:attachment":[{"href":"https:\/\/barometrestartups.fr\/index.php?rest_route=%2Fwp%2Fv2%2Fmedia&parent=375"}],"wp:term":[{"taxonomy":"category","embeddable":true,"href":"https:\/\/barometrestartups.fr\/index.php?rest_route=%2Fwp%2Fv2%2Fcategories&post=375"},{"taxonomy":"post_tag","embeddable":true,"href":"https:\/\/barometrestartups.fr\/index.php?rest_route=%2Fwp%2Fv2%2Ftags&post=375"}],"curies":[{"name":"wp","href":"https:\/\/api.w.org\/{rel}","templated":true}]}}