{"id":277,"date":"2024-09-05T10:11:59","date_gmt":"2024-09-05T08:11:59","guid":{"rendered":"https:\/\/barometrestartups.fr\/?p=277"},"modified":"2024-09-05T11:25:57","modified_gmt":"2024-09-05T09:25:57","slug":"emploi-dans-les-startups-en-france-accalmie-estivale-saisonniere-ou-net-ralentissement-en-perspective","status":"publish","type":"post","link":"https:\/\/barometrestartups.fr\/?p=277","title":{"rendered":"Emploi dans les startups en France : accalmie estivale saisonni\u00e8re ou net ralentissement en perspective ?"},"content":{"rendered":"\n<p>La p\u00e9riode estivale a \u00e9t\u00e9 calme pour l\u2019emploi dans les startups de la French Tech. Avec un peu plus de 1 500 cr\u00e9ations de poste en juillet, nous comptons moins de 200 cr\u00e9ations nettes sur le mois d\u2019ao\u00fbt.\u00a0 Depuis le d\u00e9but de l\u2019ann\u00e9e, les jeunes pousses fran\u00e7aises ont ainsi g\u00e9n\u00e9r\u00e9 huit mois cons\u00e9cutifs de croissance de l\u2019emploi et plus de 15 000 cr\u00e9ations nettes (4,6 % de croissance au total).\u00a0<\/p>\n\n\n\n<figure class=\"wp-block-image size-large\"><img loading=\"lazy\" decoding=\"async\" width=\"1024\" height=\"572\" src=\"https:\/\/barometrestartups.fr\/wp-content\/uploads\/2024\/09\/Visuel-1-juillet-aout-1024x572.png\" alt=\"\" class=\"wp-image-278\" srcset=\"https:\/\/barometrestartups.fr\/wp-content\/uploads\/2024\/09\/Visuel-1-juillet-aout-1024x572.png 1024w, https:\/\/barometrestartups.fr\/wp-content\/uploads\/2024\/09\/Visuel-1-juillet-aout-300x168.png 300w, https:\/\/barometrestartups.fr\/wp-content\/uploads\/2024\/09\/Visuel-1-juillet-aout-768x429.png 768w, https:\/\/barometrestartups.fr\/wp-content\/uploads\/2024\/09\/Visuel-1-juillet-aout.png 1474w\" sizes=\"auto, (max-width: 1024px) 100vw, 1024px\" \/><\/figure>\n\n\n\n<p>S\u2019il n\u2019y a pas encore lieu de s\u2019alarmer, force est de constater qu\u2019un net ralentissement semble s\u2019installer depuis avril. Est-ce une simple accalmie estivale ou une v\u00e9ritable tendance tendant \u00e0 s\u2019affirmer ?&nbsp;<\/p>\n\n\n\n<p>Rappelons que le solde de l\u2019\u00e9t\u00e9 2024 (pr\u00e8s de 1 700 cr\u00e9ations nettes) reste toutefois meilleur que celui constat\u00e9 \u00e0 la&nbsp;<a href=\"https:\/\/barometrestartups.fr\/?p=185\">m\u00eame p\u00e9riode en 2023<\/a>&nbsp;(pr\u00e8s de 200 emplois supprim\u00e9s).&nbsp;<\/p>\n\n\n\n<p>Cependant, l\u2019\u00e9t\u00e9 2023 avait aussi marqu\u00e9 le d\u00e9but&nbsp;<a href=\"https:\/\/barometrestartups.fr\/?p=214\">d\u2019un second semestre qui s\u2019\u00e9tait av\u00e9r\u00e9 finalement tr\u00e8s calme pour l\u2019emploi dans les startups en France<\/a>. En effet, les six derniers mois de l\u2019ann\u00e9e 2023 avaient \u00e9t\u00e9 ainsi \u00e9t\u00e9 cinq fois moins pourvoyeurs d\u2019emplois que les six premiers.<\/p>\n\n\n\n<p>Dans le d\u00e9tail, nous remarquons que :&nbsp;<\/p>\n\n\n\n<ul class=\"wp-block-list\">\n<li>Depuis avril, les cr\u00e9ations d\u2019emplois chutent de 40% et les licenciements progressent dans le m\u00eame temps de 16% ;<\/li>\n<\/ul>\n\n\n\n<figure class=\"wp-block-image size-large\"><img loading=\"lazy\" decoding=\"async\" width=\"1024\" height=\"575\" src=\"https:\/\/barometrestartups.fr\/wp-content\/uploads\/2024\/09\/Visuel-2-juillet-aout-1024x575.png\" alt=\"\" class=\"wp-image-279\" srcset=\"https:\/\/barometrestartups.fr\/wp-content\/uploads\/2024\/09\/Visuel-2-juillet-aout-1024x575.png 1024w, https:\/\/barometrestartups.fr\/wp-content\/uploads\/2024\/09\/Visuel-2-juillet-aout-300x169.png 300w, https:\/\/barometrestartups.fr\/wp-content\/uploads\/2024\/09\/Visuel-2-juillet-aout-768x432.png 768w, https:\/\/barometrestartups.fr\/wp-content\/uploads\/2024\/09\/Visuel-2-juillet-aout.png 1470w\" sizes=\"auto, (max-width: 1024px) 100vw, 1024px\" \/><\/figure>\n\n\n\n<ul class=\"wp-block-list\">\n<li>Pour la premi\u00e8re fois en 2024, les startups qui suppriment des emplois sont plus nombreuses que celles qui en cr\u00e9ent.\u00a0<\/li>\n<\/ul>\n\n\n\n<figure class=\"wp-block-image size-large\"><img loading=\"lazy\" decoding=\"async\" width=\"1024\" height=\"577\" src=\"https:\/\/barometrestartups.fr\/wp-content\/uploads\/2024\/09\/Visuel-3-juillet-aout-1024x577.png\" alt=\"\" class=\"wp-image-280\" srcset=\"https:\/\/barometrestartups.fr\/wp-content\/uploads\/2024\/09\/Visuel-3-juillet-aout-1024x577.png 1024w, https:\/\/barometrestartups.fr\/wp-content\/uploads\/2024\/09\/Visuel-3-juillet-aout-300x169.png 300w, https:\/\/barometrestartups.fr\/wp-content\/uploads\/2024\/09\/Visuel-3-juillet-aout-768x433.png 768w, https:\/\/barometrestartups.fr\/wp-content\/uploads\/2024\/09\/Visuel-3-juillet-aout.png 1470w\" sizes=\"auto, (max-width: 1024px) 100vw, 1024px\" \/><\/figure>\n\n\n\n<p>Ce point d\u2019attention se confirme \u00e9galement dans l\u2019analyse r\u00e9gionale. Cet \u00e9t\u00e9, plusieurs r\u00e9gions ont bascul\u00e9 dans le rouge, particuli\u00e8rement en ao\u00fbt. C\u2019est notamment le cas de la r\u00e9gion Auvergne-Rh\u00f4ne Alpes. Habituellement deuxi\u00e8me locomotive r\u00e9gionale apr\u00e8s l\u2019\u00cele-de-France, c\u2019est la r\u00e9gion qui a supprim\u00e9 le plus de postes en ao\u00fbt.&nbsp;<\/p>\n\n\n\n<figure class=\"wp-block-image size-large\"><img loading=\"lazy\" decoding=\"async\" width=\"1024\" height=\"575\" src=\"https:\/\/barometrestartups.fr\/wp-content\/uploads\/2024\/09\/Visuel-4-juillet-aout-1024x575.png\" alt=\"\" class=\"wp-image-281\" srcset=\"https:\/\/barometrestartups.fr\/wp-content\/uploads\/2024\/09\/Visuel-4-juillet-aout-1024x575.png 1024w, https:\/\/barometrestartups.fr\/wp-content\/uploads\/2024\/09\/Visuel-4-juillet-aout-300x168.png 300w, https:\/\/barometrestartups.fr\/wp-content\/uploads\/2024\/09\/Visuel-4-juillet-aout-768x431.png 768w, https:\/\/barometrestartups.fr\/wp-content\/uploads\/2024\/09\/Visuel-4-juillet-aout.png 1469w\" sizes=\"auto, (max-width: 1024px) 100vw, 1024px\" \/><\/figure>\n\n\n\n<p>Concernant l\u2019analyse sectorielle, notre podium des TOP secteurs cr\u00e9ateurs d\u2019emploi a d\u00e9pass\u00e9 certaines barres symboliques durant l\u2019\u00e9t\u00e9. La GreenTech et les startups industrielles sont les seuls secteurs \u00e0 passer les 3 000 cr\u00e9ations sur l\u2019ann\u00e9e. La TransportTech a quant \u00e0 elle atteint la barre des 2 000.&nbsp;<\/p>\n\n\n\n<figure class=\"wp-block-image size-large\"><img loading=\"lazy\" decoding=\"async\" width=\"1024\" height=\"575\" src=\"https:\/\/barometrestartups.fr\/wp-content\/uploads\/2024\/09\/Visuel-5-juillet-aout-1024x575.png\" alt=\"\" class=\"wp-image-282\" srcset=\"https:\/\/barometrestartups.fr\/wp-content\/uploads\/2024\/09\/Visuel-5-juillet-aout-1024x575.png 1024w, https:\/\/barometrestartups.fr\/wp-content\/uploads\/2024\/09\/Visuel-5-juillet-aout-300x168.png 300w, https:\/\/barometrestartups.fr\/wp-content\/uploads\/2024\/09\/Visuel-5-juillet-aout-768x431.png 768w, https:\/\/barometrestartups.fr\/wp-content\/uploads\/2024\/09\/Visuel-5-juillet-aout.png 1470w\" sizes=\"auto, (max-width: 1024px) 100vw, 1024px\" \/><\/figure>\n\n\n\n<p>Le mois de septembre confirmera-t-il cet infl\u00e9chissement&nbsp;?<\/p>\n\n\n\n<p>Nous vous donnons donc rendez-vous d\u00e9but octobre sur&nbsp;<a href=\"https:\/\/barometrestartups.fr\/\">https:\/\/barometrestartups.fr\/<\/a>&nbsp;pour le d\u00e9couvrir !&nbsp;<a href=\"https:\/\/numeum.fr\/themes\/startup\"><\/a><\/p>\n\n\n\n<p><\/p>\n","protected":false},"excerpt":{"rendered":"<p>La p\u00e9riode estivale a \u00e9t\u00e9 calme pour l\u2019emploi dans les startups de la French Tech. Avec un peu plus de 1 500 cr\u00e9ations de poste en juillet, nous comptons moins de 200 cr\u00e9ations nettes sur le mois d\u2019ao\u00fbt.\u00a0 Depuis le d\u00e9but de l\u2019ann\u00e9e, les jeunes pousses fran\u00e7aises ont ainsi g\u00e9n\u00e9r\u00e9 huit mois cons\u00e9cutifs de croissance [&hellip;]<\/p>\n","protected":false},"author":4,"featured_media":278,"comment_status":"open","ping_status":"open","sticky":true,"template":"","format":"standard","meta":{"footnotes":""},"categories":[4],"tags":[],"class_list":["post-277","post","type-post","status-publish","format-standard","has-post-thumbnail","hentry","category-barometre-mensuel"],"_links":{"self":[{"href":"https:\/\/barometrestartups.fr\/index.php?rest_route=\/wp\/v2\/posts\/277","targetHints":{"allow":["GET"]}}],"collection":[{"href":"https:\/\/barometrestartups.fr\/index.php?rest_route=\/wp\/v2\/posts"}],"about":[{"href":"https:\/\/barometrestartups.fr\/index.php?rest_route=\/wp\/v2\/types\/post"}],"author":[{"embeddable":true,"href":"https:\/\/barometrestartups.fr\/index.php?rest_route=\/wp\/v2\/users\/4"}],"replies":[{"embeddable":true,"href":"https:\/\/barometrestartups.fr\/index.php?rest_route=%2Fwp%2Fv2%2Fcomments&post=277"}],"version-history":[{"count":1,"href":"https:\/\/barometrestartups.fr\/index.php?rest_route=\/wp\/v2\/posts\/277\/revisions"}],"predecessor-version":[{"id":283,"href":"https:\/\/barometrestartups.fr\/index.php?rest_route=\/wp\/v2\/posts\/277\/revisions\/283"}],"wp:featuredmedia":[{"embeddable":true,"href":"https:\/\/barometrestartups.fr\/index.php?rest_route=\/wp\/v2\/media\/278"}],"wp:attachment":[{"href":"https:\/\/barometrestartups.fr\/index.php?rest_route=%2Fwp%2Fv2%2Fmedia&parent=277"}],"wp:term":[{"taxonomy":"category","embeddable":true,"href":"https:\/\/barometrestartups.fr\/index.php?rest_route=%2Fwp%2Fv2%2Fcategories&post=277"},{"taxonomy":"post_tag","embeddable":true,"href":"https:\/\/barometrestartups.fr\/index.php?rest_route=%2Fwp%2Fv2%2Ftags&post=277"}],"curies":[{"name":"wp","href":"https:\/\/api.w.org\/{rel}","templated":true}]}}